{"id":8000,"date":"2025-10-06T11:36:54","date_gmt":"2025-10-06T09:36:54","guid":{"rendered":"https:\/\/agencyoftheyear.be\/?p=8000"},"modified":"2025-10-14T21:56:36","modified_gmt":"2025-10-14T19:56:36","slug":"pitchpoint-en-mm-trappen-agency-of-the-year-2026-af","status":"publish","type":"post","link":"https:\/\/agencyoftheyear.be\/nl\/pitchpoint-en-mm-trappen-agency-of-the-year-2026-af\/","title":{"rendered":"PitchPoint en MM trappen Agency of the Year 2026 af"},"content":{"rendered":"<p>[et_pb_section fb_built=&#8221;1&#8243; module_id=&#8221;article-sect-0&#8243; _builder_version=&#8221;4.27.4&#8243; _module_preset=&#8221;default&#8221; global_colors_info=&#8221;{}&#8221;][et_pb_row custom_padding_last_edited=&#8221;off|desktop&#8221; module_id=&#8221;article-lig-0&#8243; _builder_version=&#8221;4.27.4&#8243; _module_preset=&#8221;default&#8221; width=&#8221;50%&#8221; width_tablet=&#8221;80%&#8221; width_phone=&#8221;&#8221; width_last_edited=&#8221;on|tablet&#8221; hover_enabled=&#8221;0&#8243; global_colors_info=&#8221;{}&#8221; sticky_enabled=&#8221;0&#8243;][et_pb_column type=&#8221;4_4&#8243; _builder_version=&#8221;4.16&#8243; _module_preset=&#8221;default&#8221; global_colors_info=&#8221;{}&#8221;][et_pb_post_title author=&#8221;off&#8221; date_format=&#8221;j M Y&#8221; module_id=&#8221;article-titre&#8221; _builder_version=&#8221;4.27.4&#8243; _module_preset=&#8221;default&#8221; title_font=&#8221;||||||||&#8221; title_font_size=&#8221;30px&#8221; hover_enabled=&#8221;0&#8243; title_font_size_tablet=&#8221;30px&#8221; title_font_size_phone=&#8221;28px&#8221; title_font_size_last_edited=&#8221;on|phone&#8221; global_colors_info=&#8221;{}&#8221; sticky_enabled=&#8221;0&#8243;][\/et_pb_post_title][et_pb_text content_last_edited=&#8221;off|desktop&#8221; admin_label=&#8221;Text-PitchPoint en MM trappen Agency of the Year 2026 af&#8221; module_class=&#8221;article-text&#8221; _builder_version=&#8221;4.27.4&#8243; _module_preset=&#8221;default&#8221; text_line_height=&#8221;1.6em&#8221; link_font=&#8221;||||on||||&#8221; link_text_color=&#8221;#cc0033&#8243; header_font=&#8221;|600|||||||&#8221; header_text_align=&#8221;center&#8221; header_2_font=&#8221;|700|||||||&#8221; header_2_font_size=&#8221;28px&#8221; header_2_line_height=&#8221;1.6em&#8221; header_3_font=&#8221;|700|||||||&#8221; header_3_font_size=&#8221;28px&#8221; header_3_line_height=&#8221;1.2em&#8221; hover_enabled=&#8221;0&#8243; header_font_size_tablet=&#8221;44px&#8221; header_font_size_phone=&#8221;30px&#8221; header_font_size_last_edited=&#8221;off|desktop&#8221; header_2_font_size_tablet=&#8221;28px&#8221; header_2_font_size_phone=&#8221;26px&#8221; header_2_font_size_last_edited=&#8221;on|phone&#8221; header_2_line_height_tablet=&#8221;1.6em&#8221; header_2_line_height_phone=&#8221;1em&#8221; header_2_line_height_last_edited=&#8221;on|phone&#8221; header_3_font_size_tablet=&#8221;28px&#8221; header_3_font_size_phone=&#8221;26px&#8221; header_3_font_size_last_edited=&#8221;on|phone&#8221; header_3_line_height_tablet=&#8221;1.2em&#8221; header_3_line_height_phone=&#8221;1em&#8221; header_3_line_height_last_edited=&#8221;on|phone&#8221; custom_css_free_form=&#8221;@media screen and (min-device-width: 320px) and (max-device-width: 767px ) {||  img.wp-image-7992 {||    \tpadding-bottom: 18px;||  \t}||\t||\t#left-area ul, .entry-content ul {||\t\tpadding-bottom: 0;||\t}||}&#8221; global_colors_info=&#8221;{}&#8221; link_text_color__hover=&#8221;rgba(217,35,42,0.7)&#8221; link_text_color__hover_enabled=&#8221;on|hover&#8221; sticky_enabled=&#8221;0&#8243;]<\/p>\n<p>Voor haar derde deelname aan Agency of the Year en voor het tweede jaar op rij zal Elke De Vuyst (Head of Marketing, Lidl Belux) de jury van de competitie georganiseerd door PitchPoint en Media Marketing voorzitten.<\/p>\n<p>\u201cDe samenwerking met Media Marketing en Pitch Point was zeer fijn vorig jaar, dus toen ze me vroegen om er nog een extra jaartje aan te breien, heb ik niet lang getwijfeld&#8221;, adus Elke De Vuyst.<\/p>\n<p><img loading=\"lazy\" decoding=\"async\" class=\"wp-image-7992 size-medium alignright\" src=\"https:\/\/agencyoftheyear.be\/wp-content\/uploads\/2025\/10\/croppedImg_773100871-300x247.jpeg\" alt=\"Elke De Vuyst (Head of Marketing, Lidl Belux)\" width=\"300\" height=\"247\" srcset=\"https:\/\/agencyoftheyear.be\/wp-content\/uploads\/2025\/10\/croppedImg_773100871-300x247.jpeg 300w, https:\/\/agencyoftheyear.be\/wp-content\/uploads\/2025\/10\/croppedImg_773100871.jpeg 365w\" sizes=\"(max-width: 300px) 100vw, 300px\" \/>&#8220;Als jurylid krijg je de kans om een figuurlijk kijkje te nemen achter de schermen van onze Belgische agencies. Ook als voorzitter blijft dit het meest interessante gegeven dat verbonden is aan een deelname aan de Agency of the Year-jury. Je leert de bureaus beter kennen en begrijpt hoe zij kijken naar de uitdagingen en opportuniteiten in de sector.<\/p>\n<p>2024 was een jaar met heel wat uitdagingen in de sector. Dat was een rode draad door vele van de cases die vorig jaar ingestuurd werden.&#8221;<\/p>\n<p>&#8220;Maar desondanks was ik onder de indruk van de veerkracht, de innovatie en de wendbaarheid van onze Belgische bureaus om deze allesbehalve evidente context te navigeren. Ik ben voor deze editie dan ook ontzettend benieuwd hoe de agentschappen het jaar 2025 hebben ervaren en beleefd, en om te ontdekken hoe zij na dit jaar kijken naar de verdere toekomst.\u201d<\/p>\n<h2>13 adverteerders + ACC, PitchPoint en MM<\/h2>\n<p>Aan haar zijde zetelen haar collega\u2019s <strong>Marleen Nijsten<\/strong> (Luminus), <strong>Marylin Debisschop<\/strong> (Telenet), <strong>Myr\u00e8se Goyvaerts<\/strong> (Carglass), <strong>Nathalie Lemmer<\/strong> (Belfius), <strong>Sarah De Bruyne<\/strong> (GBfoods), <strong>Barbara Foucart<\/strong> (STIB\/MIVB), <strong>Anja Verbruggen<\/strong> (Immoscoop), <strong>Sara Jane Deputter<\/strong> (Vlaamse Overheid), <strong>Benjamin Sekkai<\/strong> (Stellantis), <strong>Miguel Aguza<\/strong> (Orange), <strong>Yannick de Bi\u00e8vre<\/strong> (Carrefour) et <strong>Morgan Libert<\/strong> (Keytrade Bank)<\/p>\n<p>Verder bestaat de jury uit <strong>Petra De Roos<\/strong> (ACC), <strong>Martine Ballegeer<\/strong> et <strong>Anja De Landsheer<\/strong> pour PitchPoint, ainsi que la r\u00e9daction de MM &#8211; <strong>Griet Byl<\/strong>, <strong>Damien Lemaire<\/strong> et <strong>Fred Bouchar<\/strong>.<\/p>\n<h2>Nieuwe categorie: AI Pioneer<\/h2>\n<p>Ter gelegenheid van de editie 2026 van Agency of the Year breiden PitchPoint en Media Marketing hun prijs uit met een nieuwe categorie: AI Pioneer.<\/p>\n<p>\u201cNaarmate de sector evolueert, veranderen ook de verwachtingen tegenover bureaus, en AI staat centraal in die transformatie. In het afgelopen jaar hebben we een groeiende vraag gezien om AI te integreren in de modellen van bureaus \u2014 niet alleen om sneller en effici\u00ebnter te werken, maar ook om de kwaliteit van hun creatieve en strategische output te verbeteren\u201d, aldusAnja De Landsheer, partner bij PitchPoint.<\/p>\n<p>\u201cAI is geen trend: het herdefinieert de behoefte aan talenten, technologie\u00ebn, workflows en zelfs vergoedingsmodellen. Bureaus die AI omarmen, experimenteren niet zomaar \u2014 ze bouwen aan de toekomst.\u201d<\/p>\n<p>\u201cHet is dan ook de bedoeling om de bureaus te belonen die een duidelijke, geloofwaardige en duurzame visie hebben op de integratie van AI\u201d, voegt Fred Bouchar (MM) toe.<\/p>\n<p>Bij de beoordelingscriteria zal de jury van AOTY voornamelijk rekening houden met vier elementen:<\/p>\n<ul>\n<li>Strategische visie: Drukt het bureau een coherente en inspirerende visie uit over hoe AI kan worden toegepast in marketing en communicatie? Is die visie gericht op waardecreatie op lange termijn, eerder dan op het najagen van een kortstondige trend?<\/li>\n<li>Operationele integratie: Zijn AI-tools al ge\u00efntegreerd in de workflows van het bureau, of minstens in gestructureerde pilootfasen? Wordt AI een integraal onderdeel van de werking, in plaats van een eenmalig project?<\/li>\n<li>Commerci\u00eble impact: Kan het bureau aantonen dat de AI-transformatie bijdraagt aan de commerci\u00eble prestaties? Zijn er meetbare resultaten of duidelijke KPI\u2019s verbonden aan de implementatie van AI?<\/li>\n<li>Ethiek: Toont het bureau aan dat het zich bewust is van ethische kwesties (transparantie, gegevensbescherming, bias, verantwoordelijkheid)? Heeft het governance principes of richtlijnen ingevoerd om een verantwoorde toepassing van AI te garanderen?<\/li>\n<\/ul>\n<p>Daarnaast hebben PitchPoint en MM besloten om af te zien van de categorie &#8220;Positive Impact&#8221;, omdat ze van mening zijn dat dit doel of deze missie idealiter in alle dossiers van de deelnemende bureaus ge\u00efntegreerd zou moeten zijn.<\/p>\n<p>Dossiers voor de AOTY kunnen worden ingediend tot 6 februari 2025. Alle informatie over de verschillende categorie\u00ebn, de beoordelingscriteria, de jury, de belangrijke data en het deelnameformulier is beschikbaar op deze website.<\/p>\n<p>[\/et_pb_text][\/et_pb_column][\/et_pb_row][\/et_pb_section]<\/p>\n","protected":false},"excerpt":{"rendered":"<p>Voor haar derde deelname aan Agency of the Year en voor het tweede jaar op rij zal Elke De Vuyst (Head of Marketing, Lidl Belux) de jury van de competitie georganiseerd door PitchPoint en Media Marketing voorzitten. \u201cDe samenwerking met Media Marketing en Pitch Point was zeer fijn vorig jaar, dus toen ze me vroegen [&hellip;]<\/p>\n","protected":false},"author":1,"featured_media":8281,"comment_status":"open","ping_status":"open","sticky":false,"template":"","format":"standard","meta":{"_et_pb_use_builder":"on","_et_pb_old_content":"","_et_gb_content_width":"","footnotes":""},"categories":[16],"tags":[],"class_list":["post-8000","post","type-post","status-publish","format-standard","has-post-thumbnail","hentry","category-news-nl"],"yoast_head":"<!-- This site is optimized with the Yoast SEO plugin v27.5 - https:\/\/yoast.com\/product\/yoast-seo-wordpress\/ -->\n<title>PitchPoint en MM trappen Agency of the Year 2026 af - Agency of the year<\/title>\n<meta name=\"description\" content=\"PitchPoint et MM lancent l\u2019\u00e9dition 2026 de l\u2019Agency of the Year avec un jury pr\u00e9sid\u00e9 par Elke De Vuyst et une nouvelle cat\u00e9gorie AI Pioneer.\" \/>\n<meta name=\"robots\" content=\"index, follow, max-snippet:-1, max-image-preview:large, max-video-preview:-1\" \/>\n<link rel=\"canonical\" href=\"https:\/\/agencyoftheyear.be\/nl\/pitchpoint-en-mm-trappen-agency-of-the-year-2026-af\/\" \/>\n<meta property=\"og:locale\" content=\"nl_NL\" \/>\n<meta property=\"og:type\" content=\"article\" \/>\n<meta property=\"og:title\" content=\"PitchPoint en MM trappen Agency of the Year 2026 af - Agency of the year\" \/>\n<meta property=\"og:description\" content=\"PitchPoint et MM lancent l\u2019\u00e9dition 2026 de l\u2019Agency of the Year avec un jury pr\u00e9sid\u00e9 par Elke De Vuyst et une nouvelle cat\u00e9gorie AI Pioneer.\" \/>\n<meta property=\"og:url\" content=\"https:\/\/agencyoftheyear.be\/nl\/pitchpoint-en-mm-trappen-agency-of-the-year-2026-af\/\" \/>\n<meta property=\"og:site_name\" content=\"Agency of the year\" \/>\n<meta property=\"article:author\" content=\"https:\/\/www.facebook.com\/Creawebsite-113915200150984\" \/>\n<meta property=\"article:published_time\" content=\"2025-10-06T09:36:54+00:00\" \/>\n<meta property=\"article:modified_time\" content=\"2025-10-14T19:56:36+00:00\" \/>\n<meta property=\"og:image\" content=\"https:\/\/agencyoftheyear.be\/wp-content\/uploads\/2025\/10\/2025-10-05.jpg\" \/>\n\t<meta property=\"og:image:width\" content=\"1200\" \/>\n\t<meta property=\"og:image:height\" content=\"608\" \/>\n\t<meta property=\"og:image:type\" content=\"image\/jpeg\" \/>\n<meta name=\"author\" content=\"Delchef JM\" \/>\n<meta name=\"twitter:card\" content=\"summary_large_image\" \/>\n<meta name=\"twitter:label1\" content=\"Geschreven door\" \/>\n\t<meta name=\"twitter:data1\" content=\"Delchef JM\" \/>\n\t<meta name=\"twitter:label2\" content=\"Geschatte leestijd\" \/>\n\t<meta name=\"twitter:data2\" content=\"4 minuten\" \/>\n<script type=\"application\/ld+json\" class=\"yoast-schema-graph\">{\"@context\":\"https:\\\/\\\/schema.org\",\"@graph\":[{\"@type\":\"Article\",\"@id\":\"https:\\\/\\\/agencyoftheyear.be\\\/nl\\\/pitchpoint-en-mm-trappen-agency-of-the-year-2026-af\\\/#article\",\"isPartOf\":{\"@id\":\"https:\\\/\\\/agencyoftheyear.be\\\/nl\\\/pitchpoint-en-mm-trappen-agency-of-the-year-2026-af\\\/\"},\"author\":{\"name\":\"Delchef JM\",\"@id\":\"https:\\\/\\\/agencyoftheyear.be\\\/#\\\/schema\\\/person\\\/e159b23a4c70845d267e4fc978a17cf8\"},\"headline\":\"PitchPoint en MM trappen Agency of the Year 2026 af\",\"datePublished\":\"2025-10-06T09:36:54+00:00\",\"dateModified\":\"2025-10-14T19:56:36+00:00\",\"mainEntityOfPage\":{\"@id\":\"https:\\\/\\\/agencyoftheyear.be\\\/nl\\\/pitchpoint-en-mm-trappen-agency-of-the-year-2026-af\\\/\"},\"wordCount\":995,\"commentCount\":0,\"publisher\":{\"@id\":\"https:\\\/\\\/agencyoftheyear.be\\\/#organization\"},\"image\":{\"@id\":\"https:\\\/\\\/agencyoftheyear.be\\\/nl\\\/pitchpoint-en-mm-trappen-agency-of-the-year-2026-af\\\/#primaryimage\"},\"thumbnailUrl\":\"https:\\\/\\\/agencyoftheyear.be\\\/wp-content\\\/uploads\\\/2025\\\/10\\\/2025-10-05.jpg\",\"articleSection\":[\"News NL\"],\"inLanguage\":\"nl-NL\",\"potentialAction\":[{\"@type\":\"CommentAction\",\"name\":\"Comment\",\"target\":[\"https:\\\/\\\/agencyoftheyear.be\\\/nl\\\/pitchpoint-en-mm-trappen-agency-of-the-year-2026-af\\\/#respond\"]}]},{\"@type\":\"WebPage\",\"@id\":\"https:\\\/\\\/agencyoftheyear.be\\\/nl\\\/pitchpoint-en-mm-trappen-agency-of-the-year-2026-af\\\/\",\"url\":\"https:\\\/\\\/agencyoftheyear.be\\\/nl\\\/pitchpoint-en-mm-trappen-agency-of-the-year-2026-af\\\/\",\"name\":\"PitchPoint en MM trappen Agency of the Year 2026 af - Agency of the year\",\"isPartOf\":{\"@id\":\"https:\\\/\\\/agencyoftheyear.be\\\/#website\"},\"primaryImageOfPage\":{\"@id\":\"https:\\\/\\\/agencyoftheyear.be\\\/nl\\\/pitchpoint-en-mm-trappen-agency-of-the-year-2026-af\\\/#primaryimage\"},\"image\":{\"@id\":\"https:\\\/\\\/agencyoftheyear.be\\\/nl\\\/pitchpoint-en-mm-trappen-agency-of-the-year-2026-af\\\/#primaryimage\"},\"thumbnailUrl\":\"https:\\\/\\\/agencyoftheyear.be\\\/wp-content\\\/uploads\\\/2025\\\/10\\\/2025-10-05.jpg\",\"datePublished\":\"2025-10-06T09:36:54+00:00\",\"dateModified\":\"2025-10-14T19:56:36+00:00\",\"description\":\"PitchPoint et MM lancent l\u2019\u00e9dition 2026 de l\u2019Agency of the Year avec un jury pr\u00e9sid\u00e9 par Elke De Vuyst et une nouvelle cat\u00e9gorie AI Pioneer.\",\"breadcrumb\":{\"@id\":\"https:\\\/\\\/agencyoftheyear.be\\\/nl\\\/pitchpoint-en-mm-trappen-agency-of-the-year-2026-af\\\/#breadcrumb\"},\"inLanguage\":\"nl-NL\",\"potentialAction\":[{\"@type\":\"ReadAction\",\"target\":[\"https:\\\/\\\/agencyoftheyear.be\\\/nl\\\/pitchpoint-en-mm-trappen-agency-of-the-year-2026-af\\\/\"]}]},{\"@type\":\"ImageObject\",\"inLanguage\":\"nl-NL\",\"@id\":\"https:\\\/\\\/agencyoftheyear.be\\\/nl\\\/pitchpoint-en-mm-trappen-agency-of-the-year-2026-af\\\/#primaryimage\",\"url\":\"https:\\\/\\\/agencyoftheyear.be\\\/wp-content\\\/uploads\\\/2025\\\/10\\\/2025-10-05.jpg\",\"contentUrl\":\"https:\\\/\\\/agencyoftheyear.be\\\/wp-content\\\/uploads\\\/2025\\\/10\\\/2025-10-05.jpg\",\"width\":1200,\"height\":608},{\"@type\":\"BreadcrumbList\",\"@id\":\"https:\\\/\\\/agencyoftheyear.be\\\/nl\\\/pitchpoint-en-mm-trappen-agency-of-the-year-2026-af\\\/#breadcrumb\",\"itemListElement\":[{\"@type\":\"ListItem\",\"position\":1,\"name\":\"Accueil\",\"item\":\"https:\\\/\\\/agencyoftheyear.be\\\/nl\\\/\"},{\"@type\":\"ListItem\",\"position\":2,\"name\":\"PitchPoint en MM trappen Agency of the Year 2026 af\"}]},{\"@type\":\"WebSite\",\"@id\":\"https:\\\/\\\/agencyoftheyear.be\\\/#website\",\"url\":\"https:\\\/\\\/agencyoftheyear.be\\\/\",\"name\":\"Agency of the year\",\"description\":\"\",\"publisher\":{\"@id\":\"https:\\\/\\\/agencyoftheyear.be\\\/#organization\"},\"potentialAction\":[{\"@type\":\"SearchAction\",\"target\":{\"@type\":\"EntryPoint\",\"urlTemplate\":\"https:\\\/\\\/agencyoftheyear.be\\\/?s={search_term_string}\"},\"query-input\":{\"@type\":\"PropertyValueSpecification\",\"valueRequired\":true,\"valueName\":\"search_term_string\"}}],\"inLanguage\":\"nl-NL\"},{\"@type\":\"Organization\",\"@id\":\"https:\\\/\\\/agencyoftheyear.be\\\/#organization\",\"name\":\"Agency of the Year\",\"alternateName\":\"Agency of the Year, Media Marketing and PitchPoint\",\"url\":\"https:\\\/\\\/agencyoftheyear.be\\\/\",\"logo\":{\"@type\":\"ImageObject\",\"inLanguage\":\"nl-NL\",\"@id\":\"https:\\\/\\\/agencyoftheyear.be\\\/#\\\/schema\\\/logo\\\/image\\\/\",\"url\":\"https:\\\/\\\/agencyoftheyear.be\\\/wp-content\\\/uploads\\\/2021\\\/09\\\/agence-of-the-year-favicon.jpg\",\"contentUrl\":\"https:\\\/\\\/agencyoftheyear.be\\\/wp-content\\\/uploads\\\/2021\\\/09\\\/agence-of-the-year-favicon.jpg\",\"width\":512,\"height\":512,\"caption\":\"Agency of the Year\"},\"image\":{\"@id\":\"https:\\\/\\\/agencyoftheyear.be\\\/#\\\/schema\\\/logo\\\/image\\\/\"}},{\"@type\":\"Person\",\"@id\":\"https:\\\/\\\/agencyoftheyear.be\\\/#\\\/schema\\\/person\\\/e159b23a4c70845d267e4fc978a17cf8\",\"name\":\"Delchef JM\",\"image\":{\"@type\":\"ImageObject\",\"inLanguage\":\"nl-NL\",\"@id\":\"https:\\\/\\\/secure.gravatar.com\\\/avatar\\\/5a89228fd282eb9ee33a60b4ff06f9c31751866f1fb91ca56263af0968354113?s=96&d=mm&r=g\",\"url\":\"https:\\\/\\\/secure.gravatar.com\\\/avatar\\\/5a89228fd282eb9ee33a60b4ff06f9c31751866f1fb91ca56263af0968354113?s=96&d=mm&r=g\",\"contentUrl\":\"https:\\\/\\\/secure.gravatar.com\\\/avatar\\\/5a89228fd282eb9ee33a60b4ff06f9c31751866f1fb91ca56263af0968354113?s=96&d=mm&r=g\",\"caption\":\"Delchef JM\"},\"sameAs\":[\"https:\\\/\\\/www.creawebsite.be\\\/\",\"https:\\\/\\\/www.facebook.com\\\/Creawebsite-113915200150984\",\"https:\\\/\\\/www.instagram.com\\\/creawebsite.be\\\/\",\"https:\\\/\\\/www.linkedin.com\\\/in\\\/jean-marc-delchef\\\/\"],\"url\":\"https:\\\/\\\/agencyoftheyear.be\\\/nl\\\/author\\\/jim\\\/\"}]}<\/script>\n<!-- \/ Yoast SEO plugin. -->","yoast_head_json":{"title":"PitchPoint en MM trappen Agency of the Year 2026 af - Agency of the year","description":"PitchPoint et MM lancent l\u2019\u00e9dition 2026 de l\u2019Agency of the Year avec un jury pr\u00e9sid\u00e9 par Elke De Vuyst et une nouvelle cat\u00e9gorie AI Pioneer.","robots":{"index":"index","follow":"follow","max-snippet":"max-snippet:-1","max-image-preview":"max-image-preview:large","max-video-preview":"max-video-preview:-1"},"canonical":"https:\/\/agencyoftheyear.be\/nl\/pitchpoint-en-mm-trappen-agency-of-the-year-2026-af\/","og_locale":"nl_NL","og_type":"article","og_title":"PitchPoint en MM trappen Agency of the Year 2026 af - Agency of the year","og_description":"PitchPoint et MM lancent l\u2019\u00e9dition 2026 de l\u2019Agency of the Year avec un jury pr\u00e9sid\u00e9 par Elke De Vuyst et une nouvelle cat\u00e9gorie AI Pioneer.","og_url":"https:\/\/agencyoftheyear.be\/nl\/pitchpoint-en-mm-trappen-agency-of-the-year-2026-af\/","og_site_name":"Agency of the year","article_author":"https:\/\/www.facebook.com\/Creawebsite-113915200150984","article_published_time":"2025-10-06T09:36:54+00:00","article_modified_time":"2025-10-14T19:56:36+00:00","og_image":[{"width":1200,"height":608,"url":"https:\/\/agencyoftheyear.be\/wp-content\/uploads\/2025\/10\/2025-10-05.jpg","type":"image\/jpeg"}],"author":"Delchef JM","twitter_card":"summary_large_image","twitter_misc":{"Geschreven door":"Delchef JM","Geschatte leestijd":"4 minuten"},"schema":{"@context":"https:\/\/schema.org","@graph":[{"@type":"Article","@id":"https:\/\/agencyoftheyear.be\/nl\/pitchpoint-en-mm-trappen-agency-of-the-year-2026-af\/#article","isPartOf":{"@id":"https:\/\/agencyoftheyear.be\/nl\/pitchpoint-en-mm-trappen-agency-of-the-year-2026-af\/"},"author":{"name":"Delchef JM","@id":"https:\/\/agencyoftheyear.be\/#\/schema\/person\/e159b23a4c70845d267e4fc978a17cf8"},"headline":"PitchPoint en MM trappen Agency of the Year 2026 af","datePublished":"2025-10-06T09:36:54+00:00","dateModified":"2025-10-14T19:56:36+00:00","mainEntityOfPage":{"@id":"https:\/\/agencyoftheyear.be\/nl\/pitchpoint-en-mm-trappen-agency-of-the-year-2026-af\/"},"wordCount":995,"commentCount":0,"publisher":{"@id":"https:\/\/agencyoftheyear.be\/#organization"},"image":{"@id":"https:\/\/agencyoftheyear.be\/nl\/pitchpoint-en-mm-trappen-agency-of-the-year-2026-af\/#primaryimage"},"thumbnailUrl":"https:\/\/agencyoftheyear.be\/wp-content\/uploads\/2025\/10\/2025-10-05.jpg","articleSection":["News NL"],"inLanguage":"nl-NL","potentialAction":[{"@type":"CommentAction","name":"Comment","target":["https:\/\/agencyoftheyear.be\/nl\/pitchpoint-en-mm-trappen-agency-of-the-year-2026-af\/#respond"]}]},{"@type":"WebPage","@id":"https:\/\/agencyoftheyear.be\/nl\/pitchpoint-en-mm-trappen-agency-of-the-year-2026-af\/","url":"https:\/\/agencyoftheyear.be\/nl\/pitchpoint-en-mm-trappen-agency-of-the-year-2026-af\/","name":"PitchPoint en MM trappen Agency of the Year 2026 af - Agency of the year","isPartOf":{"@id":"https:\/\/agencyoftheyear.be\/#website"},"primaryImageOfPage":{"@id":"https:\/\/agencyoftheyear.be\/nl\/pitchpoint-en-mm-trappen-agency-of-the-year-2026-af\/#primaryimage"},"image":{"@id":"https:\/\/agencyoftheyear.be\/nl\/pitchpoint-en-mm-trappen-agency-of-the-year-2026-af\/#primaryimage"},"thumbnailUrl":"https:\/\/agencyoftheyear.be\/wp-content\/uploads\/2025\/10\/2025-10-05.jpg","datePublished":"2025-10-06T09:36:54+00:00","dateModified":"2025-10-14T19:56:36+00:00","description":"PitchPoint et MM lancent l\u2019\u00e9dition 2026 de l\u2019Agency of the Year avec un jury pr\u00e9sid\u00e9 par Elke De Vuyst et une nouvelle cat\u00e9gorie AI Pioneer.","breadcrumb":{"@id":"https:\/\/agencyoftheyear.be\/nl\/pitchpoint-en-mm-trappen-agency-of-the-year-2026-af\/#breadcrumb"},"inLanguage":"nl-NL","potentialAction":[{"@type":"ReadAction","target":["https:\/\/agencyoftheyear.be\/nl\/pitchpoint-en-mm-trappen-agency-of-the-year-2026-af\/"]}]},{"@type":"ImageObject","inLanguage":"nl-NL","@id":"https:\/\/agencyoftheyear.be\/nl\/pitchpoint-en-mm-trappen-agency-of-the-year-2026-af\/#primaryimage","url":"https:\/\/agencyoftheyear.be\/wp-content\/uploads\/2025\/10\/2025-10-05.jpg","contentUrl":"https:\/\/agencyoftheyear.be\/wp-content\/uploads\/2025\/10\/2025-10-05.jpg","width":1200,"height":608},{"@type":"BreadcrumbList","@id":"https:\/\/agencyoftheyear.be\/nl\/pitchpoint-en-mm-trappen-agency-of-the-year-2026-af\/#breadcrumb","itemListElement":[{"@type":"ListItem","position":1,"name":"Accueil","item":"https:\/\/agencyoftheyear.be\/nl\/"},{"@type":"ListItem","position":2,"name":"PitchPoint en MM trappen Agency of the Year 2026 af"}]},{"@type":"WebSite","@id":"https:\/\/agencyoftheyear.be\/#website","url":"https:\/\/agencyoftheyear.be\/","name":"Agency of the year","description":"","publisher":{"@id":"https:\/\/agencyoftheyear.be\/#organization"},"potentialAction":[{"@type":"SearchAction","target":{"@type":"EntryPoint","urlTemplate":"https:\/\/agencyoftheyear.be\/?s={search_term_string}"},"query-input":{"@type":"PropertyValueSpecification","valueRequired":true,"valueName":"search_term_string"}}],"inLanguage":"nl-NL"},{"@type":"Organization","@id":"https:\/\/agencyoftheyear.be\/#organization","name":"Agency of the Year","alternateName":"Agency of the Year, Media Marketing and PitchPoint","url":"https:\/\/agencyoftheyear.be\/","logo":{"@type":"ImageObject","inLanguage":"nl-NL","@id":"https:\/\/agencyoftheyear.be\/#\/schema\/logo\/image\/","url":"https:\/\/agencyoftheyear.be\/wp-content\/uploads\/2021\/09\/agence-of-the-year-favicon.jpg","contentUrl":"https:\/\/agencyoftheyear.be\/wp-content\/uploads\/2021\/09\/agence-of-the-year-favicon.jpg","width":512,"height":512,"caption":"Agency of the Year"},"image":{"@id":"https:\/\/agencyoftheyear.be\/#\/schema\/logo\/image\/"}},{"@type":"Person","@id":"https:\/\/agencyoftheyear.be\/#\/schema\/person\/e159b23a4c70845d267e4fc978a17cf8","name":"Delchef JM","image":{"@type":"ImageObject","inLanguage":"nl-NL","@id":"https:\/\/secure.gravatar.com\/avatar\/5a89228fd282eb9ee33a60b4ff06f9c31751866f1fb91ca56263af0968354113?s=96&d=mm&r=g","url":"https:\/\/secure.gravatar.com\/avatar\/5a89228fd282eb9ee33a60b4ff06f9c31751866f1fb91ca56263af0968354113?s=96&d=mm&r=g","contentUrl":"https:\/\/secure.gravatar.com\/avatar\/5a89228fd282eb9ee33a60b4ff06f9c31751866f1fb91ca56263af0968354113?s=96&d=mm&r=g","caption":"Delchef JM"},"sameAs":["https:\/\/www.creawebsite.be\/","https:\/\/www.facebook.com\/Creawebsite-113915200150984","https:\/\/www.instagram.com\/creawebsite.be\/","https:\/\/www.linkedin.com\/in\/jean-marc-delchef\/"],"url":"https:\/\/agencyoftheyear.be\/nl\/author\/jim\/"}]}},"_links":{"self":[{"href":"https:\/\/agencyoftheyear.be\/nl\/wp-json\/wp\/v2\/posts\/8000","targetHints":{"allow":["GET"]}}],"collection":[{"href":"https:\/\/agencyoftheyear.be\/nl\/wp-json\/wp\/v2\/posts"}],"about":[{"href":"https:\/\/agencyoftheyear.be\/nl\/wp-json\/wp\/v2\/types\/post"}],"author":[{"embeddable":true,"href":"https:\/\/agencyoftheyear.be\/nl\/wp-json\/wp\/v2\/users\/1"}],"replies":[{"embeddable":true,"href":"https:\/\/agencyoftheyear.be\/nl\/wp-json\/wp\/v2\/comments?post=8000"}],"version-history":[{"count":10,"href":"https:\/\/agencyoftheyear.be\/nl\/wp-json\/wp\/v2\/posts\/8000\/revisions"}],"predecessor-version":[{"id":8687,"href":"https:\/\/agencyoftheyear.be\/nl\/wp-json\/wp\/v2\/posts\/8000\/revisions\/8687"}],"wp:featuredmedia":[{"embeddable":true,"href":"https:\/\/agencyoftheyear.be\/nl\/wp-json\/wp\/v2\/media\/8281"}],"wp:attachment":[{"href":"https:\/\/agencyoftheyear.be\/nl\/wp-json\/wp\/v2\/media?parent=8000"}],"wp:term":[{"taxonomy":"category","embeddable":true,"href":"https:\/\/agencyoftheyear.be\/nl\/wp-json\/wp\/v2\/categories?post=8000"},{"taxonomy":"post_tag","embeddable":true,"href":"https:\/\/agencyoftheyear.be\/nl\/wp-json\/wp\/v2\/tags?post=8000"}],"curies":[{"name":"wp","href":"https:\/\/api.w.org\/{rel}","templated":true}]}}