{"id":8839,"date":"2025-11-20T15:22:02","date_gmt":"2025-11-20T14:22:02","guid":{"rendered":"https:\/\/agencyoftheyear.be\/?p=8839"},"modified":"2025-11-20T15:23:05","modified_gmt":"2025-11-20T14:23:05","slug":"agency-of-the-year-laureaten-aan-het-woord","status":"publish","type":"post","link":"https:\/\/agencyoftheyear.be\/nl\/agency-of-the-year-laureaten-aan-het-woord\/","title":{"rendered":"Agency of the Year: laureaten aan het woord"},"content":{"rendered":"<p>[et_pb_section fb_built=&#8221;1&#8243; module_id=&#8221;article-sect-0&#8243; _builder_version=&#8221;4.27.4&#8243; _module_preset=&#8221;default&#8221; global_colors_info=&#8221;{}&#8221;][et_pb_row custom_padding_last_edited=&#8221;off|desktop&#8221; module_id=&#8221;article-lig-0&#8243; _builder_version=&#8221;4.27.4&#8243; _module_preset=&#8221;default&#8221; width=&#8221;50%&#8221; width_tablet=&#8221;80%&#8221; width_phone=&#8221;&#8221; width_last_edited=&#8221;on|tablet&#8221; global_colors_info=&#8221;{}&#8221;][et_pb_column type=&#8221;4_4&#8243; _builder_version=&#8221;4.16&#8243; _module_preset=&#8221;default&#8221; global_colors_info=&#8221;{}&#8221;][et_pb_post_title author=&#8221;off&#8221; date_format=&#8221;j M Y&#8221; categories=&#8221;off&#8221; comments=&#8221;off&#8221; module_id=&#8221;article-titre&#8221; _builder_version=&#8221;4.27.4&#8243; _module_preset=&#8221;default&#8221; title_font=&#8221;||||||||&#8221; title_font_size=&#8221;30px&#8221; hover_enabled=&#8221;0&#8243; title_font_size_tablet=&#8221;30px&#8221; title_font_size_phone=&#8221;28px&#8221; title_font_size_last_edited=&#8221;on|phone&#8221; global_colors_info=&#8221;{}&#8221; sticky_enabled=&#8221;0&#8243;][\/et_pb_post_title][et_pb_text content_last_edited=&#8221;off|desktop&#8221; admin_label=&#8221;Text-Agency of the Year: laureaten aan het woord&#8221; module_class=&#8221;article-text&#8221; _builder_version=&#8221;4.27.4&#8243; _module_preset=&#8221;default&#8221; text_font=&#8221;||||||||&#8221; text_line_height=&#8221;1.6em&#8221; link_font=&#8221;||||on||||&#8221; link_text_color=&#8221;#cc0033&#8243; header_font=&#8221;|600|||||||&#8221; header_text_align=&#8221;center&#8221; header_2_font=&#8221;|700|||||||&#8221; header_2_font_size=&#8221;28px&#8221; header_2_line_height=&#8221;1.6em&#8221; header_3_font=&#8221;|700|||||||&#8221; header_3_font_size=&#8221;28px&#8221; header_3_line_height=&#8221;1.2em&#8221; background_color=&#8221;#FFFFFF&#8221; hover_enabled=&#8221;0&#8243; header_font_size_tablet=&#8221;44px&#8221; header_font_size_phone=&#8221;30px&#8221; header_font_size_last_edited=&#8221;off|desktop&#8221; header_2_font_size_tablet=&#8221;28px&#8221; header_2_font_size_phone=&#8221;26px&#8221; header_2_font_size_last_edited=&#8221;on|phone&#8221; header_2_line_height_tablet=&#8221;1.6em&#8221; header_2_line_height_phone=&#8221;1em&#8221; header_2_line_height_last_edited=&#8221;on|phone&#8221; header_3_font_size_tablet=&#8221;28px&#8221; header_3_font_size_phone=&#8221;26px&#8221; header_3_font_size_last_edited=&#8221;on|phone&#8221; header_3_line_height_tablet=&#8221;1.2em&#8221; header_3_line_height_phone=&#8221;1em&#8221; header_3_line_height_last_edited=&#8221;on|phone&#8221; custom_css_free_form=&#8221;@media screen and (min-device-width: 320px) and (max-device-width: 767px ) {||  img.wp-image-7992 {||    \tpadding-bottom: 18px;||  \t}||\t||\t#left-area ul, .entry-content ul {||\t\tpadding-bottom: 0;||\t}||}&#8221; global_colors_info=&#8221;{}&#8221; link_text_color__hover=&#8221;rgba(217,35,42,0.7)&#8221; link_text_color__hover_enabled=&#8221;on|hover&#8221; sticky_enabled=&#8221;0&#8243;]Waarom deelnemen aan de Agency of the Year? Dat is de rode draad van de drie SoMe-video\u2019s die we maakten met Slice en de winnaars van de stercategorie op de AOTY 2025: aan het woord zijn <a href=\"https:\/\/www.youtube.com\/shorts\/XLDCp8eJo2Q\" target=\"_blank\">Odin Saill\u00e9<\/a> (Mutant), <a href=\"https:\/\/www.youtube.com\/shorts\/GbZ81UHqYAM\" target=\"_blank\">Francis Lippens<\/a> (AKQA Brussels) en <a href=\"https:\/\/www.youtube.com\/shorts\/f1JXcwQY-BY\" target=\"_blank\">Geoffrey Hantson<\/a> (Happiness).<\/p>\n<p>Ter herinnering: de deadline voor inschrijvingen voor de 2026-editie van Agency of the Year van MM en PitchPoint is vastgesteld op 6 februari. Meer info <a href=\"https:\/\/agencyoftheyear.be\/nl\/rules\/\">hier.<\/a>.[\/et_pb_text][\/et_pb_column][\/et_pb_row][\/et_pb_section]<\/p>\n","protected":false},"excerpt":{"rendered":"<p>Waarom deelnemen aan de Agency of the Year? Dat is de rode draad van de drie SoMe-video\u2019s die we maakten met Slice en de winnaars van de stercategorie op de AOTY 2025: aan het woord zijn Odin Saill\u00e9 (Mutant), Francis Lippens (AKQA Brussels) en Geoffrey Hantson (Happiness). Ter herinnering: de deadline voor inschrijvingen voor de [&hellip;]<\/p>\n","protected":false},"author":1,"featured_media":8838,"comment_status":"open","ping_status":"open","sticky":false,"template":"","format":"standard","meta":{"_et_pb_use_builder":"on","_et_pb_old_content":"","_et_gb_content_width":"","footnotes":""},"categories":[16],"tags":[],"class_list":["post-8839","post","type-post","status-publish","format-standard","has-post-thumbnail","hentry","category-news-nl"],"yoast_head":"<!-- This site is optimized with the Yoast SEO plugin v27.5 - https:\/\/yoast.com\/product\/yoast-seo-wordpress\/ -->\n<title>Agency of the Year : ce sont les laur\u00e9ats qui en parlent le mieux<\/title>\n<meta name=\"description\" content=\"Les laur\u00e9ats de l\u2019Award Agency of the Year t\u00e9moignent : vision, cr\u00e9ativit\u00e9 et impact au c\u0153ur des meilleures agences belges.\" \/>\n<meta name=\"robots\" content=\"index, follow, max-snippet:-1, max-image-preview:large, max-video-preview:-1\" \/>\n<link rel=\"canonical\" href=\"https:\/\/agencyoftheyear.be\/nl\/agency-of-the-year-laureaten-aan-het-woord\/\" \/>\n<meta property=\"og:locale\" content=\"nl_NL\" \/>\n<meta property=\"og:type\" content=\"article\" \/>\n<meta property=\"og:title\" content=\"Agency of the Year : ce sont les laur\u00e9ats qui en parlent le mieux\" \/>\n<meta property=\"og:description\" content=\"Les laur\u00e9ats de l\u2019Award Agency of the Year t\u00e9moignent : vision, cr\u00e9ativit\u00e9 et impact au c\u0153ur des meilleures agences belges.\" \/>\n<meta property=\"og:url\" content=\"https:\/\/agencyoftheyear.be\/nl\/agency-of-the-year-laureaten-aan-het-woord\/\" \/>\n<meta property=\"og:site_name\" content=\"Agency of the year\" \/>\n<meta property=\"article:author\" content=\"https:\/\/www.facebook.com\/Creawebsite-113915200150984\" \/>\n<meta property=\"article:published_time\" content=\"2025-11-20T14:22:02+00:00\" \/>\n<meta property=\"article:modified_time\" content=\"2025-11-20T14:23:05+00:00\" \/>\n<meta property=\"og:image\" content=\"https:\/\/agencyoftheyear.be\/wp-content\/uploads\/2025\/11\/2025-11-25-article.jpg\" \/>\n\t<meta property=\"og:image:width\" content=\"1200\" \/>\n\t<meta property=\"og:image:height\" content=\"800\" \/>\n\t<meta property=\"og:image:type\" content=\"image\/jpeg\" \/>\n<meta name=\"author\" content=\"Delchef JM\" \/>\n<meta name=\"twitter:card\" content=\"summary_large_image\" \/>\n<meta name=\"twitter:label1\" content=\"Geschreven door\" \/>\n\t<meta name=\"twitter:data1\" content=\"Delchef JM\" \/>\n\t<meta name=\"twitter:label2\" content=\"Geschatte leestijd\" \/>\n\t<meta name=\"twitter:data2\" content=\"1 minuut\" \/>\n<script type=\"application\/ld+json\" class=\"yoast-schema-graph\">{\"@context\":\"https:\\\/\\\/schema.org\",\"@graph\":[{\"@type\":\"Article\",\"@id\":\"https:\\\/\\\/agencyoftheyear.be\\\/nl\\\/agency-of-the-year-laureaten-aan-het-woord\\\/#article\",\"isPartOf\":{\"@id\":\"https:\\\/\\\/agencyoftheyear.be\\\/nl\\\/agency-of-the-year-laureaten-aan-het-woord\\\/\"},\"author\":{\"name\":\"Delchef JM\",\"@id\":\"https:\\\/\\\/agencyoftheyear.be\\\/#\\\/schema\\\/person\\\/e159b23a4c70845d267e4fc978a17cf8\"},\"headline\":\"Agency of the Year: laureaten aan het woord\",\"datePublished\":\"2025-11-20T14:22:02+00:00\",\"dateModified\":\"2025-11-20T14:23:05+00:00\",\"mainEntityOfPage\":{\"@id\":\"https:\\\/\\\/agencyoftheyear.be\\\/nl\\\/agency-of-the-year-laureaten-aan-het-woord\\\/\"},\"wordCount\":400,\"commentCount\":0,\"publisher\":{\"@id\":\"https:\\\/\\\/agencyoftheyear.be\\\/#organization\"},\"image\":{\"@id\":\"https:\\\/\\\/agencyoftheyear.be\\\/nl\\\/agency-of-the-year-laureaten-aan-het-woord\\\/#primaryimage\"},\"thumbnailUrl\":\"https:\\\/\\\/agencyoftheyear.be\\\/wp-content\\\/uploads\\\/2025\\\/11\\\/2025-11-25-article.jpg\",\"articleSection\":[\"News NL\"],\"inLanguage\":\"nl-NL\",\"potentialAction\":[{\"@type\":\"CommentAction\",\"name\":\"Comment\",\"target\":[\"https:\\\/\\\/agencyoftheyear.be\\\/nl\\\/agency-of-the-year-laureaten-aan-het-woord\\\/#respond\"]}]},{\"@type\":\"WebPage\",\"@id\":\"https:\\\/\\\/agencyoftheyear.be\\\/nl\\\/agency-of-the-year-laureaten-aan-het-woord\\\/\",\"url\":\"https:\\\/\\\/agencyoftheyear.be\\\/nl\\\/agency-of-the-year-laureaten-aan-het-woord\\\/\",\"name\":\"Agency of the Year : ce sont les laur\u00e9ats qui en parlent le mieux\",\"isPartOf\":{\"@id\":\"https:\\\/\\\/agencyoftheyear.be\\\/#website\"},\"primaryImageOfPage\":{\"@id\":\"https:\\\/\\\/agencyoftheyear.be\\\/nl\\\/agency-of-the-year-laureaten-aan-het-woord\\\/#primaryimage\"},\"image\":{\"@id\":\"https:\\\/\\\/agencyoftheyear.be\\\/nl\\\/agency-of-the-year-laureaten-aan-het-woord\\\/#primaryimage\"},\"thumbnailUrl\":\"https:\\\/\\\/agencyoftheyear.be\\\/wp-content\\\/uploads\\\/2025\\\/11\\\/2025-11-25-article.jpg\",\"datePublished\":\"2025-11-20T14:22:02+00:00\",\"dateModified\":\"2025-11-20T14:23:05+00:00\",\"description\":\"Les laur\u00e9ats de l\u2019Award Agency of the Year t\u00e9moignent : vision, cr\u00e9ativit\u00e9 et impact au c\u0153ur des meilleures agences belges.\",\"breadcrumb\":{\"@id\":\"https:\\\/\\\/agencyoftheyear.be\\\/nl\\\/agency-of-the-year-laureaten-aan-het-woord\\\/#breadcrumb\"},\"inLanguage\":\"nl-NL\",\"potentialAction\":[{\"@type\":\"ReadAction\",\"target\":[\"https:\\\/\\\/agencyoftheyear.be\\\/nl\\\/agency-of-the-year-laureaten-aan-het-woord\\\/\"]}]},{\"@type\":\"ImageObject\",\"inLanguage\":\"nl-NL\",\"@id\":\"https:\\\/\\\/agencyoftheyear.be\\\/nl\\\/agency-of-the-year-laureaten-aan-het-woord\\\/#primaryimage\",\"url\":\"https:\\\/\\\/agencyoftheyear.be\\\/wp-content\\\/uploads\\\/2025\\\/11\\\/2025-11-25-article.jpg\",\"contentUrl\":\"https:\\\/\\\/agencyoftheyear.be\\\/wp-content\\\/uploads\\\/2025\\\/11\\\/2025-11-25-article.jpg\",\"width\":1200,\"height\":800,\"caption\":\"Public en f\u00eate brandissant un troph\u00e9e durant la c\u00e9r\u00e9monie Agency of the Year\"},{\"@type\":\"BreadcrumbList\",\"@id\":\"https:\\\/\\\/agencyoftheyear.be\\\/nl\\\/agency-of-the-year-laureaten-aan-het-woord\\\/#breadcrumb\",\"itemListElement\":[{\"@type\":\"ListItem\",\"position\":1,\"name\":\"Accueil\",\"item\":\"https:\\\/\\\/agencyoftheyear.be\\\/nl\\\/\"},{\"@type\":\"ListItem\",\"position\":2,\"name\":\"Agency of the Year: laureaten aan het woord\"}]},{\"@type\":\"WebSite\",\"@id\":\"https:\\\/\\\/agencyoftheyear.be\\\/#website\",\"url\":\"https:\\\/\\\/agencyoftheyear.be\\\/\",\"name\":\"Agency of the year\",\"description\":\"\",\"publisher\":{\"@id\":\"https:\\\/\\\/agencyoftheyear.be\\\/#organization\"},\"potentialAction\":[{\"@type\":\"SearchAction\",\"target\":{\"@type\":\"EntryPoint\",\"urlTemplate\":\"https:\\\/\\\/agencyoftheyear.be\\\/?s={search_term_string}\"},\"query-input\":{\"@type\":\"PropertyValueSpecification\",\"valueRequired\":true,\"valueName\":\"search_term_string\"}}],\"inLanguage\":\"nl-NL\"},{\"@type\":\"Organization\",\"@id\":\"https:\\\/\\\/agencyoftheyear.be\\\/#organization\",\"name\":\"Agency of the Year\",\"alternateName\":\"Agency of the Year, Media Marketing and PitchPoint\",\"url\":\"https:\\\/\\\/agencyoftheyear.be\\\/\",\"logo\":{\"@type\":\"ImageObject\",\"inLanguage\":\"nl-NL\",\"@id\":\"https:\\\/\\\/agencyoftheyear.be\\\/#\\\/schema\\\/logo\\\/image\\\/\",\"url\":\"https:\\\/\\\/agencyoftheyear.be\\\/wp-content\\\/uploads\\\/2021\\\/09\\\/agence-of-the-year-favicon.jpg\",\"contentUrl\":\"https:\\\/\\\/agencyoftheyear.be\\\/wp-content\\\/uploads\\\/2021\\\/09\\\/agence-of-the-year-favicon.jpg\",\"width\":512,\"height\":512,\"caption\":\"Agency of the Year\"},\"image\":{\"@id\":\"https:\\\/\\\/agencyoftheyear.be\\\/#\\\/schema\\\/logo\\\/image\\\/\"}},{\"@type\":\"Person\",\"@id\":\"https:\\\/\\\/agencyoftheyear.be\\\/#\\\/schema\\\/person\\\/e159b23a4c70845d267e4fc978a17cf8\",\"name\":\"Delchef JM\",\"image\":{\"@type\":\"ImageObject\",\"inLanguage\":\"nl-NL\",\"@id\":\"https:\\\/\\\/secure.gravatar.com\\\/avatar\\\/5a89228fd282eb9ee33a60b4ff06f9c31751866f1fb91ca56263af0968354113?s=96&d=mm&r=g\",\"url\":\"https:\\\/\\\/secure.gravatar.com\\\/avatar\\\/5a89228fd282eb9ee33a60b4ff06f9c31751866f1fb91ca56263af0968354113?s=96&d=mm&r=g\",\"contentUrl\":\"https:\\\/\\\/secure.gravatar.com\\\/avatar\\\/5a89228fd282eb9ee33a60b4ff06f9c31751866f1fb91ca56263af0968354113?s=96&d=mm&r=g\",\"caption\":\"Delchef JM\"},\"sameAs\":[\"https:\\\/\\\/www.creawebsite.be\\\/\",\"https:\\\/\\\/www.facebook.com\\\/Creawebsite-113915200150984\",\"https:\\\/\\\/www.instagram.com\\\/creawebsite.be\\\/\",\"https:\\\/\\\/www.linkedin.com\\\/in\\\/jean-marc-delchef\\\/\"],\"url\":\"https:\\\/\\\/agencyoftheyear.be\\\/nl\\\/author\\\/jim\\\/\"}]}<\/script>\n<!-- \/ Yoast SEO plugin. -->","yoast_head_json":{"title":"Agency of the Year : ce sont les laur\u00e9ats qui en parlent le mieux","description":"Les laur\u00e9ats de l\u2019Award Agency of the Year t\u00e9moignent : vision, cr\u00e9ativit\u00e9 et impact au c\u0153ur des meilleures agences belges.","robots":{"index":"index","follow":"follow","max-snippet":"max-snippet:-1","max-image-preview":"max-image-preview:large","max-video-preview":"max-video-preview:-1"},"canonical":"https:\/\/agencyoftheyear.be\/nl\/agency-of-the-year-laureaten-aan-het-woord\/","og_locale":"nl_NL","og_type":"article","og_title":"Agency of the Year : ce sont les laur\u00e9ats qui en parlent le mieux","og_description":"Les laur\u00e9ats de l\u2019Award Agency of the Year t\u00e9moignent : vision, cr\u00e9ativit\u00e9 et impact au c\u0153ur des meilleures agences belges.","og_url":"https:\/\/agencyoftheyear.be\/nl\/agency-of-the-year-laureaten-aan-het-woord\/","og_site_name":"Agency of the year","article_author":"https:\/\/www.facebook.com\/Creawebsite-113915200150984","article_published_time":"2025-11-20T14:22:02+00:00","article_modified_time":"2025-11-20T14:23:05+00:00","og_image":[{"width":1200,"height":800,"url":"https:\/\/agencyoftheyear.be\/wp-content\/uploads\/2025\/11\/2025-11-25-article.jpg","type":"image\/jpeg"}],"author":"Delchef JM","twitter_card":"summary_large_image","twitter_misc":{"Geschreven door":"Delchef JM","Geschatte leestijd":"1 minuut"},"schema":{"@context":"https:\/\/schema.org","@graph":[{"@type":"Article","@id":"https:\/\/agencyoftheyear.be\/nl\/agency-of-the-year-laureaten-aan-het-woord\/#article","isPartOf":{"@id":"https:\/\/agencyoftheyear.be\/nl\/agency-of-the-year-laureaten-aan-het-woord\/"},"author":{"name":"Delchef JM","@id":"https:\/\/agencyoftheyear.be\/#\/schema\/person\/e159b23a4c70845d267e4fc978a17cf8"},"headline":"Agency of the Year: laureaten aan het woord","datePublished":"2025-11-20T14:22:02+00:00","dateModified":"2025-11-20T14:23:05+00:00","mainEntityOfPage":{"@id":"https:\/\/agencyoftheyear.be\/nl\/agency-of-the-year-laureaten-aan-het-woord\/"},"wordCount":400,"commentCount":0,"publisher":{"@id":"https:\/\/agencyoftheyear.be\/#organization"},"image":{"@id":"https:\/\/agencyoftheyear.be\/nl\/agency-of-the-year-laureaten-aan-het-woord\/#primaryimage"},"thumbnailUrl":"https:\/\/agencyoftheyear.be\/wp-content\/uploads\/2025\/11\/2025-11-25-article.jpg","articleSection":["News NL"],"inLanguage":"nl-NL","potentialAction":[{"@type":"CommentAction","name":"Comment","target":["https:\/\/agencyoftheyear.be\/nl\/agency-of-the-year-laureaten-aan-het-woord\/#respond"]}]},{"@type":"WebPage","@id":"https:\/\/agencyoftheyear.be\/nl\/agency-of-the-year-laureaten-aan-het-woord\/","url":"https:\/\/agencyoftheyear.be\/nl\/agency-of-the-year-laureaten-aan-het-woord\/","name":"Agency of the Year : ce sont les laur\u00e9ats qui en parlent le mieux","isPartOf":{"@id":"https:\/\/agencyoftheyear.be\/#website"},"primaryImageOfPage":{"@id":"https:\/\/agencyoftheyear.be\/nl\/agency-of-the-year-laureaten-aan-het-woord\/#primaryimage"},"image":{"@id":"https:\/\/agencyoftheyear.be\/nl\/agency-of-the-year-laureaten-aan-het-woord\/#primaryimage"},"thumbnailUrl":"https:\/\/agencyoftheyear.be\/wp-content\/uploads\/2025\/11\/2025-11-25-article.jpg","datePublished":"2025-11-20T14:22:02+00:00","dateModified":"2025-11-20T14:23:05+00:00","description":"Les laur\u00e9ats de l\u2019Award Agency of the Year t\u00e9moignent : vision, cr\u00e9ativit\u00e9 et impact au c\u0153ur des meilleures agences belges.","breadcrumb":{"@id":"https:\/\/agencyoftheyear.be\/nl\/agency-of-the-year-laureaten-aan-het-woord\/#breadcrumb"},"inLanguage":"nl-NL","potentialAction":[{"@type":"ReadAction","target":["https:\/\/agencyoftheyear.be\/nl\/agency-of-the-year-laureaten-aan-het-woord\/"]}]},{"@type":"ImageObject","inLanguage":"nl-NL","@id":"https:\/\/agencyoftheyear.be\/nl\/agency-of-the-year-laureaten-aan-het-woord\/#primaryimage","url":"https:\/\/agencyoftheyear.be\/wp-content\/uploads\/2025\/11\/2025-11-25-article.jpg","contentUrl":"https:\/\/agencyoftheyear.be\/wp-content\/uploads\/2025\/11\/2025-11-25-article.jpg","width":1200,"height":800,"caption":"Public en f\u00eate brandissant un troph\u00e9e durant la c\u00e9r\u00e9monie Agency of the Year"},{"@type":"BreadcrumbList","@id":"https:\/\/agencyoftheyear.be\/nl\/agency-of-the-year-laureaten-aan-het-woord\/#breadcrumb","itemListElement":[{"@type":"ListItem","position":1,"name":"Accueil","item":"https:\/\/agencyoftheyear.be\/nl\/"},{"@type":"ListItem","position":2,"name":"Agency of the Year: laureaten aan het woord"}]},{"@type":"WebSite","@id":"https:\/\/agencyoftheyear.be\/#website","url":"https:\/\/agencyoftheyear.be\/","name":"Agency of the year","description":"","publisher":{"@id":"https:\/\/agencyoftheyear.be\/#organization"},"potentialAction":[{"@type":"SearchAction","target":{"@type":"EntryPoint","urlTemplate":"https:\/\/agencyoftheyear.be\/?s={search_term_string}"},"query-input":{"@type":"PropertyValueSpecification","valueRequired":true,"valueName":"search_term_string"}}],"inLanguage":"nl-NL"},{"@type":"Organization","@id":"https:\/\/agencyoftheyear.be\/#organization","name":"Agency of the Year","alternateName":"Agency of the Year, Media Marketing and PitchPoint","url":"https:\/\/agencyoftheyear.be\/","logo":{"@type":"ImageObject","inLanguage":"nl-NL","@id":"https:\/\/agencyoftheyear.be\/#\/schema\/logo\/image\/","url":"https:\/\/agencyoftheyear.be\/wp-content\/uploads\/2021\/09\/agence-of-the-year-favicon.jpg","contentUrl":"https:\/\/agencyoftheyear.be\/wp-content\/uploads\/2021\/09\/agence-of-the-year-favicon.jpg","width":512,"height":512,"caption":"Agency of the Year"},"image":{"@id":"https:\/\/agencyoftheyear.be\/#\/schema\/logo\/image\/"}},{"@type":"Person","@id":"https:\/\/agencyoftheyear.be\/#\/schema\/person\/e159b23a4c70845d267e4fc978a17cf8","name":"Delchef JM","image":{"@type":"ImageObject","inLanguage":"nl-NL","@id":"https:\/\/secure.gravatar.com\/avatar\/5a89228fd282eb9ee33a60b4ff06f9c31751866f1fb91ca56263af0968354113?s=96&d=mm&r=g","url":"https:\/\/secure.gravatar.com\/avatar\/5a89228fd282eb9ee33a60b4ff06f9c31751866f1fb91ca56263af0968354113?s=96&d=mm&r=g","contentUrl":"https:\/\/secure.gravatar.com\/avatar\/5a89228fd282eb9ee33a60b4ff06f9c31751866f1fb91ca56263af0968354113?s=96&d=mm&r=g","caption":"Delchef JM"},"sameAs":["https:\/\/www.creawebsite.be\/","https:\/\/www.facebook.com\/Creawebsite-113915200150984","https:\/\/www.instagram.com\/creawebsite.be\/","https:\/\/www.linkedin.com\/in\/jean-marc-delchef\/"],"url":"https:\/\/agencyoftheyear.be\/nl\/author\/jim\/"}]}},"_links":{"self":[{"href":"https:\/\/agencyoftheyear.be\/nl\/wp-json\/wp\/v2\/posts\/8839","targetHints":{"allow":["GET"]}}],"collection":[{"href":"https:\/\/agencyoftheyear.be\/nl\/wp-json\/wp\/v2\/posts"}],"about":[{"href":"https:\/\/agencyoftheyear.be\/nl\/wp-json\/wp\/v2\/types\/post"}],"author":[{"embeddable":true,"href":"https:\/\/agencyoftheyear.be\/nl\/wp-json\/wp\/v2\/users\/1"}],"replies":[{"embeddable":true,"href":"https:\/\/agencyoftheyear.be\/nl\/wp-json\/wp\/v2\/comments?post=8839"}],"version-history":[{"count":5,"href":"https:\/\/agencyoftheyear.be\/nl\/wp-json\/wp\/v2\/posts\/8839\/revisions"}],"predecessor-version":[{"id":8852,"href":"https:\/\/agencyoftheyear.be\/nl\/wp-json\/wp\/v2\/posts\/8839\/revisions\/8852"}],"wp:featuredmedia":[{"embeddable":true,"href":"https:\/\/agencyoftheyear.be\/nl\/wp-json\/wp\/v2\/media\/8838"}],"wp:attachment":[{"href":"https:\/\/agencyoftheyear.be\/nl\/wp-json\/wp\/v2\/media?parent=8839"}],"wp:term":[{"taxonomy":"category","embeddable":true,"href":"https:\/\/agencyoftheyear.be\/nl\/wp-json\/wp\/v2\/categories?post=8839"},{"taxonomy":"post_tag","embeddable":true,"href":"https:\/\/agencyoftheyear.be\/nl\/wp-json\/wp\/v2\/tags?post=8839"}],"curies":[{"name":"wp","href":"https:\/\/api.w.org\/{rel}","templated":true}]}}